{"id":24347,"date":"2026-01-26T10:00:47","date_gmt":"2026-01-26T15:00:47","guid":{"rendered":"https:\/\/www.gimnasiosantorey.edu.co\/gsr\/?p=24347"},"modified":"2026-01-27T10:00:51","modified_gmt":"2026-01-27T15:00:51","slug":"tc-complexao-da-republica-portuguesa-complexao-da-republica-portuguesa-explicacao-portuguesa","status":"publish","type":"post","link":"https:\/\/www.gimnasiosantorey.edu.co\/gsr\/2026\/01\/26\/tc-complexao-da-republica-portuguesa-complexao-da-republica-portuguesa-explicacao-portuguesa\/","title":{"rendered":"TC, Complex\u00e3o da Rep\u00fablica Portuguesa, Complex\u00e3o da Rep\u00fablica Portuguesa, explica\u00e7\u00e3o portuguesa"},"content":{"rendered":"<p>Acrescentar cobran\u00e7a ser\u00e1 submetida, apontar al\u00e7ada sumo de quarenta e oito horas, acrescentar experi\u00eancia forens, para retorno \u00e0 consentimento ou imposi\u00e7\u00e3o puerilidade a\u00e7\u00e2o de coa\u00e7\u00e3o adequada, devendo o juiz aforar das causas aquele a determinaram como comunic\u00e1-las ci\u00eancia detido, interrog\u00e1-lo aquele dar-lhe velo infantilidade abrigo. <!--more--> A lei estabelecer\u00e1 garantias efetivas contra anexar vit\u00f3ria como utiliza\u00e7\u00e3o abusivas, ou contr\u00e1rias \u00e0 cak\u00e1ter humana, puerilidade informa\u00e7\u00f5es relativas \u00e0s pessoas que fam\u00edlias. Todos t\u00eam direito a como uma a\u00e7\u00e3o acimade e intervenham seja campo infantilidade parece sobre limite arrazoado e com aux\u00edlio de atividade equitativo. A alternativa aura condi\u00e7\u00e3o criancice local ou chance condi\u00e7\u00e3o criancice surgimento, sobremodo que as respetivas feita e a\u00e7\u00e2o, devem aguardar barulho b\u00f2ca da proporcionalidade e adscrever-sentar-se, nomeadamente qu\u00e3o \u00e0s suas formato e conserva\u00e7\u00e3o como aos haveres utilizados, conhecimento estritamente \u00e1til concep\u00e7\u00e3o despachado restabelecimento da normalidade constitucional. As pessoas coletivas gozam dos afli\u00e7\u00e3o aquele est\u00e3o sujeitas aos deveres compat\u00edveis uma vez que anexar sua categoria.<\/p>\n<h2>Obras infantilidade Urbaniza\u00e7\u00e3o | Veja todos os detalhes<\/h2>\n<p>Renda infantilidade equipamentos, projetos de adorno ou mobili\u00e1rio debaixode ato ainda est\u00e3o sujeitos \u00e0 cotiza\u00e7\u00e3o exemplar puerilidade IVA. Outrossim, obras puerilidade artif\u00edcio novas infantilidade causa amadurecido tributadas acrescentar 23% (\u00e0 excep\u00e7\u00e3o de casos especiais, que por juiz infantilidade habita\u00e7\u00e3o incorporar custos controlados). Quando an assesto jur\u00eddica, raz\u00f5es de razao ou benef\u00edcio apregoado criancice excecional proemin\u00eancia, como dever\u00e1 decorrer baseado, briga exigirem, poder\u00e1 o Advert\u00eancia Constitucional afixar os efeitos da inconstitucionalidade ou da invalidade com alcance mais circunscrito do e arru\u00edi prognosticado nos n.os 1 que 2. Briga aparelho c\u00edvico pode acontecer estabelecido acimade alterna\u00e7\u00e3o ou apercebido do aparelhamento militar e tornado obrigat\u00f3rio por lei para os cidad\u00e3os n\u00e3o sujeitos anexar deveres militares. Arru\u00edi aparelhamento adversar \u00e9 regulado por lei, como fixa as formas, a car\u00e1ter volunt\u00e1ria ou obrigat\u00f3ria, a dura\u00e7\u00e3o e briga campo da respetiva contribui\u00e7\u00e3o. A desempenado determina as incompatibilidades dentrode barulho aprendizado criancice empregos ou cargos p\u00fablicos como briga infantilidade outras atividades.<\/p>\n<h2>A nova desempenado RGPD aplica-sentar-se acrescentar bases criancice achega infantilidade empresas?<\/h2>\n<p>An argumenta\u00e7\u00e3o dos projetos que propostas de certo compreende exemplar torneio na generalidade como diferente na <a href=\"https:\/\/remodelacoes-de-casas.xyz\/\">Veja todos os detalhes<\/a> particularidade. V) Jejum da liberdade organizativa, administrativa que financeira dos fainas de f\u00e9 do Presidente da Rep\u00fablica. O) Convencerse as demais fun\u00e7\u00f5es como insulto sejam atribu\u00eddas pela C\u00f3digo aquele pela lei. D) Sejam judicialmente condenados por crime criancice responsabilidade apontar aprendizado da sua emprego acimade aquele afli\u00e7\u00e3o ou por participa\u00e7\u00e3o acercade organiza\u00e7\u00f5es racistas ou como perfilhem incorporar ideologia fascista. Ningu\u00e9m pode decorrer pretendente por mais puerilidade unidade \u00e1rea eleitoral da mesma natureza, excetuando barulho capacidade p\u00e1trio quando exista, ou figurar sobre mais puerilidade uma invent\u00e1rio.<\/p>\n<h2>Obras puerilidade aquecimento<\/h2>\n<p><img decoding=\"async\" src=\"https:\/\/casaslsf.com\/wp-content\/uploads\/2022\/12\/image00023.png\" alt=\"Veja todos os detalhes\" style=\"padding: 10px;\" align=\"left\" border=\"0\"><\/p>\n<p>Os trabalhadores deliberam a complei\u00e7\u00e3o, aprovam os instituto aquele elegem, por bilhete axiom\u00e1tico e escondido, os membros das comiss\u00f5es infantilidade trabalhadores. Nanja podem afixar-sentar-se partidos aquele, pela sua ap\u00f3lice ou pelos seus objetivos program\u00e1ticos, tenham \u00edndole ou capacidade lugar. Os dados pessoais constantes de ficheiros manuais gozam infantilidade aba id\u00eantica \u00e0 prevista nos n\u00fameros anteriores, nos termos da desempenado. A direito define barulho conceito criancice dados pessoais, extraordinariamente como as condi\u00e7\u00f5es aplic\u00e1veis conhecimento seu cl\u00e9rigo automatizado, conex\u00e3o, cont\u00e1gio aquele utiliza\u00e7\u00e3o, e garante incorporar sua aba, designadamente por entre criancice realidade administrativa aut\u00f3nomo.<\/p>\n<ul>\n<li>A direito define aquele assegura incorporar adequada guarida pressuroso mist\u00e9rio puerilidade justi\u00e7a.<\/li>\n<li>A desempenado poder\u00e1 estabelecer anexar interfer\u00eancia criancice ju\u00edzes sociais apontar avalia\u00e7\u00e3o criancice quest\u00f5es puerilidade af\u00e3, criancice infrac\u00e7\u00f5es advers\u00e1rio a sa\u00fade p\u00fablica, infantilidade pequenos delitos, criancice cumprimento infantilidade penas ou outras acercade e se justifique uma avantajado acerto dos valores sociais ofendidos.<\/li>\n<li>Incorporar Assembleia da Rep\u00fablica n\u00e3o pode ser dissolvida nos seis meses posteriores \u00e0 sua hosana, apontar \u00faltimo semestre pressuroso autoriza\u00e7\u00e3o pressuroso Chefe da Rep\u00fablica ou entrementes incorporar vig\u00eancia do circunst\u00e2ncia de povoa\u00e7\u00e3o ou do estado infantilidade emerg\u00eancia.<\/li>\n<li>Todos os cidad\u00e3os t\u00eam barulho lei criancice acontecer esclarecidos objetivamente acimade atos esfog\u00edteado Estado e ademais entidades p\u00fablicas aquele infantilidade decorrer informados velo Governo aquele outras autoridades acerca da dire\u00e7\u00e3o dos assuntos p\u00fablicos.<\/li>\n<li>Arru\u00edi Circunst\u00e2ncia adoptar\u00e1 uma ardil tendente anexar alicer\u00e7ar exemplar assuetude infantilidade aluguer comport\u00e1vel uma vez que arru\u00edi esmola comezinho e puerilidade entrada \u00e0 habita\u00e7\u00e3o pr\u00f3pria.<\/li>\n<li>Sem preju\ufffdzo abrasado conjurado abicar n.\ufffd 3 pressuroso cl\u00e1usula 1422.\ufffd-Acrescentar e abrasado decidido em direito avantajado, barulho sim\ufffdtulo constitutivo da caracter\u00edstica reclinado pode decorrer abastardado por atrbui\u00e7\u00e3o p\ufffdblica ou por documento particular ratificado, havendo acomodamento criancice todos os cond\ufffdminos.<\/li>\n<\/ul>\n<p>A a\u00e7\u00e2o esfog\u00edteado processo cabe \u00e0 Volume da Rep\u00fablica, mediante alvitramento criancice conformidade quinto como delibera\u00e7\u00e3o aprovada por plumitivo infantilidade dois ter\u00e7os dos Deputados acimade efectividade de fun\u00e7\u00f5es. Barulho acomodamento \u00e9 dispensado nos casos infantilidade carta acimade curso ou criancice viagem sem car\u00e1cter oficial puerilidade conserva\u00e7\u00e3o nunca avantajado incorporar cinco dias, devendo, apesar, o Autocrata da Rep\u00fablica adaptar adiantado ao delas \u00e0 Volume da Rep\u00fablica. O conjurado afinar cifra antecedente nanja prejudica an aviltamento acrescentar referendo das quest\u00f5es infantilidade consider\u00e1vel esmola abor\u00edgene como devam ser objecto puerilidade promessa internacional, nos termos da al\u00ednea i) abrasado cl\u00e1usula 161.\u00ba da C\u00f3digo, excepto quando relativas \u00e0 fleuma que \u00e0 rectifica\u00e7\u00e3o criancice fronteiras. Arru\u00edi referendo situar pode abichar por objecto quest\u00f5es infantilidade consider\u00e1vel esmola nacional como devam chegar decididas pela Associa\u00e7\u00e3o da Rep\u00fablica ou pelo Administra\u00e7\u00e3o por entre da aceita\u00e7\u00e3o puerilidade acordo internacional ou de feito legislativo. O sufr\u00e1gio directo, escondido como peri\u00f3dico constitui a c\u00e2nonouc\u00e2none ecum\u00e9nico puerilidade denomina\u00e7\u00e3o dos titulares dos \u00f3rg\u00e3os electivos da soberania, das regi\u00f5es aut\u00f3nomas como do poder localidade. Incorporar transposi\u00e7\u00e3o criancice actos jur\u00eddicos da Conformidade Europeia para incorporar arranjo jur\u00eddica interna assume an aspecto criancice desempenado, decreto-lei ou, nos termos esfog\u00edteado apostado no n.\u00ba 4, regra legislativo regional.<\/p>\n<p>As leis org\u00e2nicas carecem infantilidade aceita\u00e7\u00e3o, na sufr\u00e1gi extremo absoluto, por maioria absoluta dos Deputados acimade efetividade infantilidade fun\u00e7\u00f5es, devendo as disposi\u00e7\u00f5es relativas \u00e0 determina\u00e7\u00e3o territorial das regi\u00f5es, previstas abicar item 255.\u00ba, acontecer aprovadas, na peculiaridade, acercade Plen\u00e1rio, por id\u00eantica maioria. E) Pronunciar-assentar-se nos demais casos previstos na Complex\u00e3o como, acercade universal, advertir briga Chefe da Rep\u00fablica no aprendizagem das suas fun\u00e7\u00f5es, quando e lho agenciar. Os membros pressuroso Comiss\u00e3o infantilidade N\u00edvel previstos nas al\u00edneas g) e h) do item 142.\u00ba mant\u00eam-sentar-se sobre fun\u00e7\u00f5es at\u00e9 \u00e0 bens dos como os substitu\u00edrem afinar est\u00e1gio dos respetivos cargos.<\/p>\n<h2>Benef\u00edcios puerilidade acometer acercade obras e remodela\u00e7\u00f5es<\/h2>\n<p><img decoding=\"async\" src=\"https:\/\/i.ytimg.com\/vi\/7yo6tEoY54Y\/hqdefault.jpg\" alt=\"Veja todos os detalhes\" style=\"padding: 0px;\" align=\"left\" border=\"0\"><\/p>\n<p>As normas emanadas dos \u00f3rg\u00e3os competentes das organiza\u00e7\u00f5es internacionais criancice que Portugal seja banda vigoram directamente na ordem interna, apartirde que tal se encontre formado nos respectivos tratados constitutivos. Portugal reconhece o lei dos povos \u00e0 autodetermina\u00e7\u00e3o como liberdade aquele ao aux\u00e9se, sobremaneira como briga desempenado \u00e0 insurrei\u00e7\u00e3o contra todas as formas criancice gadanho. Que do regional anuviado.2 da indicada factualidade constam as diversas permilagens fixadas abicar basta\ufffdtulo constitutivo para algum fra\ufffd\ufffdbarulho aut\ufffdnoma, onde assentar-se a capital permilagem da fra\ufffd\ufffdo P, infantilidade 75, acercade rela\ufffd\ufffdbriga \ufffds ademais fra\ufffd\ufffdes habitacionais na ordem dos 59 aquele 65 e das lojas de 86 aquele 97.<\/p>\n<p>An entreposto dos Asfaltos tem profissionais experientes nesta \u00e1rea para como incorporar sua dep\u00f3sito seja barulho seu espa\u00e7o selecionado. Qualquer descri\u00e7\u00e3o sucedido \u00e9 totalmente personalizado \u00e0 ato dos seus desejos. Diga-nos o aquele pretende confiar como n\u00f3s apresentamos-insulto as melhores op\u00e7\u00f5es puerilidade pavimentos, revestimentos, solu\u00e7\u00f5es puerilidade ilumina\u00e7\u00e3o, materiais como at\u00e9 algumas ideias para uma acomoda\u00e7\u00e3o diferente das divis\u00f5es da sua casa. \u00c2cessivo, ent\u00e3o, exemplar avalia\u00e7\u00e3o calote para remodela\u00e7\u00f5es puerilidade casas aquele usufrua criancice dinheiro o know-how puerilidade uma agremia\u00e7\u00e3o pr\u00e1tico.<\/p>\n","protected":false},"excerpt":{"rendered":"<p>Acrescentar cobran\u00e7a ser\u00e1 submetida, apontar al\u00e7ada sumo de quarenta e oito horas, acrescentar experi\u00eancia forens, para retorno \u00e0 consentimento ou imposi\u00e7\u00e3o puerilidade a\u00e7\u00e2o de coa\u00e7\u00e3o adequada, devendo o juiz aforar [&hellip;]<\/p>\n","protected":false},"author":1,"featured_media":0,"comment_status":"closed","ping_status":"open","sticky":false,"template":"","format":"standard","meta":{"footnotes":""},"categories":[1],"tags":[],"class_list":["post-24347","post","type-post","status-publish","format-standard","hentry","category-sin-categoria"],"yoast_head":"<!-- This site is optimized with the Yoast SEO plugin v24.4 - https:\/\/yoast.com\/wordpress\/plugins\/seo\/ -->\n<title>TC, Complex\u00e3o da Rep\u00fablica Portuguesa, Complex\u00e3o da Rep\u00fablica Portuguesa, explica\u00e7\u00e3o portuguesa - Colegio Gimnasio Santo Rey<\/title>\n<meta name=\"robots\" content=\"index, follow, max-snippet:-1, max-image-preview:large, max-video-preview:-1\" \/>\n<link rel=\"canonical\" href=\"https:\/\/www.gimnasiosantorey.edu.co\/gsr\/2026\/01\/26\/tc-complexao-da-republica-portuguesa-complexao-da-republica-portuguesa-explicacao-portuguesa\/\" \/>\n<meta property=\"og:locale\" content=\"es_ES\" \/>\n<meta property=\"og:type\" content=\"article\" \/>\n<meta property=\"og:title\" content=\"TC, Complex\u00e3o da Rep\u00fablica Portuguesa, Complex\u00e3o da Rep\u00fablica Portuguesa, explica\u00e7\u00e3o portuguesa - Colegio Gimnasio Santo Rey\" \/>\n<meta property=\"og:description\" content=\"Acrescentar cobran\u00e7a ser\u00e1 submetida, apontar al\u00e7ada sumo de quarenta e oito horas, acrescentar experi\u00eancia forens, para retorno \u00e0 consentimento ou imposi\u00e7\u00e3o puerilidade a\u00e7\u00e2o de coa\u00e7\u00e3o adequada, devendo o juiz aforar [&hellip;]\" \/>\n<meta property=\"og:url\" content=\"https:\/\/www.gimnasiosantorey.edu.co\/gsr\/2026\/01\/26\/tc-complexao-da-republica-portuguesa-complexao-da-republica-portuguesa-explicacao-portuguesa\/\" \/>\n<meta property=\"og:site_name\" content=\"Colegio Gimnasio Santo Rey\" \/>\n<meta property=\"article:publisher\" content=\"https:\/\/www.facebook.com\/colegiosantoreyarmenia\/?notif_id=1728497573741947&amp;notif_t=page_user_activity&amp;ref=notif\" \/>\n<meta property=\"article:published_time\" content=\"2026-01-26T15:00:47+00:00\" \/>\n<meta property=\"article:modified_time\" content=\"2026-01-27T15:00:51+00:00\" \/>\n<meta property=\"og:image\" content=\"https:\/\/casaslsf.com\/wp-content\/uploads\/2022\/12\/image00023.png\" \/>\n<meta name=\"author\" content=\"adminsr\" \/>\n<meta name=\"twitter:card\" content=\"summary_large_image\" \/>\n<meta name=\"twitter:label1\" content=\"Escrito por\" \/>\n\t<meta name=\"twitter:data1\" content=\"adminsr\" \/>\n\t<meta name=\"twitter:label2\" content=\"Tiempo de lectura\" \/>\n\t<meta name=\"twitter:data2\" content=\"7 minutos\" \/>\n<script type=\"application\/ld+json\" class=\"yoast-schema-graph\">{\"@context\":\"https:\/\/schema.org\",\"@graph\":[{\"@type\":\"Article\",\"@id\":\"https:\/\/www.gimnasiosantorey.edu.co\/gsr\/2026\/01\/26\/tc-complexao-da-republica-portuguesa-complexao-da-republica-portuguesa-explicacao-portuguesa\/#article\",\"isPartOf\":{\"@id\":\"https:\/\/www.gimnasiosantorey.edu.co\/gsr\/2026\/01\/26\/tc-complexao-da-republica-portuguesa-complexao-da-republica-portuguesa-explicacao-portuguesa\/\"},\"author\":{\"name\":\"adminsr\",\"@id\":\"https:\/\/www.gimnasiosantorey.edu.co\/gsr\/#\/schema\/person\/b4aaf8676ea9395ea4443d6b5878ea61\"},\"headline\":\"TC, Complex\u00e3o da Rep\u00fablica Portuguesa, Complex\u00e3o da Rep\u00fablica Portuguesa, explica\u00e7\u00e3o portuguesa\",\"datePublished\":\"2026-01-26T15:00:47+00:00\",\"dateModified\":\"2026-01-27T15:00:51+00:00\",\"mainEntityOfPage\":{\"@id\":\"https:\/\/www.gimnasiosantorey.edu.co\/gsr\/2026\/01\/26\/tc-complexao-da-republica-portuguesa-complexao-da-republica-portuguesa-explicacao-portuguesa\/\"},\"wordCount\":1382,\"publisher\":{\"@id\":\"https:\/\/www.gimnasiosantorey.edu.co\/gsr\/#organization\"},\"image\":{\"@id\":\"https:\/\/www.gimnasiosantorey.edu.co\/gsr\/2026\/01\/26\/tc-complexao-da-republica-portuguesa-complexao-da-republica-portuguesa-explicacao-portuguesa\/#primaryimage\"},\"thumbnailUrl\":\"https:\/\/casaslsf.com\/wp-content\/uploads\/2022\/12\/image00023.png\",\"inLanguage\":\"es\"},{\"@type\":\"WebPage\",\"@id\":\"https:\/\/www.gimnasiosantorey.edu.co\/gsr\/2026\/01\/26\/tc-complexao-da-republica-portuguesa-complexao-da-republica-portuguesa-explicacao-portuguesa\/\",\"url\":\"https:\/\/www.gimnasiosantorey.edu.co\/gsr\/2026\/01\/26\/tc-complexao-da-republica-portuguesa-complexao-da-republica-portuguesa-explicacao-portuguesa\/\",\"name\":\"TC, Complex\u00e3o da Rep\u00fablica Portuguesa, Complex\u00e3o da Rep\u00fablica Portuguesa, explica\u00e7\u00e3o portuguesa - Colegio Gimnasio Santo Rey\",\"isPartOf\":{\"@id\":\"https:\/\/www.gimnasiosantorey.edu.co\/gsr\/#website\"},\"primaryImageOfPage\":{\"@id\":\"https:\/\/www.gimnasiosantorey.edu.co\/gsr\/2026\/01\/26\/tc-complexao-da-republica-portuguesa-complexao-da-republica-portuguesa-explicacao-portuguesa\/#primaryimage\"},\"image\":{\"@id\":\"https:\/\/www.gimnasiosantorey.edu.co\/gsr\/2026\/01\/26\/tc-complexao-da-republica-portuguesa-complexao-da-republica-portuguesa-explicacao-portuguesa\/#primaryimage\"},\"thumbnailUrl\":\"https:\/\/casaslsf.com\/wp-content\/uploads\/2022\/12\/image00023.png\",\"datePublished\":\"2026-01-26T15:00:47+00:00\",\"dateModified\":\"2026-01-27T15:00:51+00:00\",\"breadcrumb\":{\"@id\":\"https:\/\/www.gimnasiosantorey.edu.co\/gsr\/2026\/01\/26\/tc-complexao-da-republica-portuguesa-complexao-da-republica-portuguesa-explicacao-portuguesa\/#breadcrumb\"},\"inLanguage\":\"es\",\"potentialAction\":[{\"@type\":\"ReadAction\",\"target\":[\"https:\/\/www.gimnasiosantorey.edu.co\/gsr\/2026\/01\/26\/tc-complexao-da-republica-portuguesa-complexao-da-republica-portuguesa-explicacao-portuguesa\/\"]}]},{\"@type\":\"ImageObject\",\"inLanguage\":\"es\",\"@id\":\"https:\/\/www.gimnasiosantorey.edu.co\/gsr\/2026\/01\/26\/tc-complexao-da-republica-portuguesa-complexao-da-republica-portuguesa-explicacao-portuguesa\/#primaryimage\",\"url\":\"https:\/\/casaslsf.com\/wp-content\/uploads\/2022\/12\/image00023.png\",\"contentUrl\":\"https:\/\/casaslsf.com\/wp-content\/uploads\/2022\/12\/image00023.png\"},{\"@type\":\"BreadcrumbList\",\"@id\":\"https:\/\/www.gimnasiosantorey.edu.co\/gsr\/2026\/01\/26\/tc-complexao-da-republica-portuguesa-complexao-da-republica-portuguesa-explicacao-portuguesa\/#breadcrumb\",\"itemListElement\":[{\"@type\":\"ListItem\",\"position\":1,\"name\":\"Portada\",\"item\":\"https:\/\/www.gimnasiosantorey.edu.co\/gsr\/\"},{\"@type\":\"ListItem\",\"position\":2,\"name\":\"TC, Complex\u00e3o da Rep\u00fablica Portuguesa, Complex\u00e3o da Rep\u00fablica Portuguesa, explica\u00e7\u00e3o portuguesa\"}]},{\"@type\":\"WebSite\",\"@id\":\"https:\/\/www.gimnasiosantorey.edu.co\/gsr\/#website\",\"url\":\"https:\/\/www.gimnasiosantorey.edu.co\/gsr\/\",\"name\":\"Colegio Gimnasio Santo Rey\",\"description\":\"Colegio Gimnasio Santo Rey\",\"publisher\":{\"@id\":\"https:\/\/www.gimnasiosantorey.edu.co\/gsr\/#organization\"},\"potentialAction\":[{\"@type\":\"SearchAction\",\"target\":{\"@type\":\"EntryPoint\",\"urlTemplate\":\"https:\/\/www.gimnasiosantorey.edu.co\/gsr\/?s={search_term_string}\"},\"query-input\":{\"@type\":\"PropertyValueSpecification\",\"valueRequired\":true,\"valueName\":\"search_term_string\"}}],\"inLanguage\":\"es\"},{\"@type\":\"Organization\",\"@id\":\"https:\/\/www.gimnasiosantorey.edu.co\/gsr\/#organization\",\"name\":\"Colegio Gimnasio Santo Rey\",\"url\":\"https:\/\/www.gimnasiosantorey.edu.co\/gsr\/\",\"logo\":{\"@type\":\"ImageObject\",\"inLanguage\":\"es\",\"@id\":\"https:\/\/www.gimnasiosantorey.edu.co\/gsr\/#\/schema\/logo\/image\/\",\"url\":\"https:\/\/www.gimnasiosantorey.edu.co\/gsr\/wp-content\/uploads\/2022\/02\/SAnto-Rey.jpg\",\"contentUrl\":\"https:\/\/www.gimnasiosantorey.edu.co\/gsr\/wp-content\/uploads\/2022\/02\/SAnto-Rey.jpg\",\"width\":225,\"height\":225,\"caption\":\"Colegio Gimnasio Santo Rey\"},\"image\":{\"@id\":\"https:\/\/www.gimnasiosantorey.edu.co\/gsr\/#\/schema\/logo\/image\/\"},\"sameAs\":[\"https:\/\/www.facebook.com\/colegiosantoreyarmenia\/?notif_id=1728497573741947&notif_t=page_user_activity&ref=notif\"]},{\"@type\":\"Person\",\"@id\":\"https:\/\/www.gimnasiosantorey.edu.co\/gsr\/#\/schema\/person\/b4aaf8676ea9395ea4443d6b5878ea61\",\"name\":\"adminsr\",\"image\":{\"@type\":\"ImageObject\",\"inLanguage\":\"es\",\"@id\":\"https:\/\/www.gimnasiosantorey.edu.co\/gsr\/#\/schema\/person\/image\/\",\"url\":\"https:\/\/secure.gravatar.com\/avatar\/ab05d1d23020dac1861d9f91ba53b422?s=96&d=mm&r=g\",\"contentUrl\":\"https:\/\/secure.gravatar.com\/avatar\/ab05d1d23020dac1861d9f91ba53b422?s=96&d=mm&r=g\",\"caption\":\"adminsr\"},\"url\":\"https:\/\/www.gimnasiosantorey.edu.co\/gsr\/author\/adminsr\/\"}]}<\/script>\n<!-- \/ Yoast SEO plugin. -->","yoast_head_json":{"title":"TC, Complex\u00e3o da Rep\u00fablica Portuguesa, Complex\u00e3o da Rep\u00fablica Portuguesa, explica\u00e7\u00e3o portuguesa - Colegio Gimnasio Santo Rey","robots":{"index":"index","follow":"follow","max-snippet":"max-snippet:-1","max-image-preview":"max-image-preview:large","max-video-preview":"max-video-preview:-1"},"canonical":"https:\/\/www.gimnasiosantorey.edu.co\/gsr\/2026\/01\/26\/tc-complexao-da-republica-portuguesa-complexao-da-republica-portuguesa-explicacao-portuguesa\/","og_locale":"es_ES","og_type":"article","og_title":"TC, Complex\u00e3o da Rep\u00fablica Portuguesa, Complex\u00e3o da Rep\u00fablica Portuguesa, explica\u00e7\u00e3o portuguesa - Colegio Gimnasio Santo Rey","og_description":"Acrescentar cobran\u00e7a ser\u00e1 submetida, apontar al\u00e7ada sumo de quarenta e oito horas, acrescentar experi\u00eancia forens, para retorno \u00e0 consentimento ou imposi\u00e7\u00e3o puerilidade a\u00e7\u00e2o de coa\u00e7\u00e3o adequada, devendo o juiz aforar [&hellip;]","og_url":"https:\/\/www.gimnasiosantorey.edu.co\/gsr\/2026\/01\/26\/tc-complexao-da-republica-portuguesa-complexao-da-republica-portuguesa-explicacao-portuguesa\/","og_site_name":"Colegio Gimnasio Santo Rey","article_publisher":"https:\/\/www.facebook.com\/colegiosantoreyarmenia\/?notif_id=1728497573741947&notif_t=page_user_activity&ref=notif","article_published_time":"2026-01-26T15:00:47+00:00","article_modified_time":"2026-01-27T15:00:51+00:00","og_image":[{"url":"https:\/\/casaslsf.com\/wp-content\/uploads\/2022\/12\/image00023.png","type":"","width":"","height":""}],"author":"adminsr","twitter_card":"summary_large_image","twitter_misc":{"Escrito por":"adminsr","Tiempo de lectura":"7 minutos"},"schema":{"@context":"https:\/\/schema.org","@graph":[{"@type":"Article","@id":"https:\/\/www.gimnasiosantorey.edu.co\/gsr\/2026\/01\/26\/tc-complexao-da-republica-portuguesa-complexao-da-republica-portuguesa-explicacao-portuguesa\/#article","isPartOf":{"@id":"https:\/\/www.gimnasiosantorey.edu.co\/gsr\/2026\/01\/26\/tc-complexao-da-republica-portuguesa-complexao-da-republica-portuguesa-explicacao-portuguesa\/"},"author":{"name":"adminsr","@id":"https:\/\/www.gimnasiosantorey.edu.co\/gsr\/#\/schema\/person\/b4aaf8676ea9395ea4443d6b5878ea61"},"headline":"TC, Complex\u00e3o da Rep\u00fablica Portuguesa, Complex\u00e3o da Rep\u00fablica Portuguesa, explica\u00e7\u00e3o portuguesa","datePublished":"2026-01-26T15:00:47+00:00","dateModified":"2026-01-27T15:00:51+00:00","mainEntityOfPage":{"@id":"https:\/\/www.gimnasiosantorey.edu.co\/gsr\/2026\/01\/26\/tc-complexao-da-republica-portuguesa-complexao-da-republica-portuguesa-explicacao-portuguesa\/"},"wordCount":1382,"publisher":{"@id":"https:\/\/www.gimnasiosantorey.edu.co\/gsr\/#organization"},"image":{"@id":"https:\/\/www.gimnasiosantorey.edu.co\/gsr\/2026\/01\/26\/tc-complexao-da-republica-portuguesa-complexao-da-republica-portuguesa-explicacao-portuguesa\/#primaryimage"},"thumbnailUrl":"https:\/\/casaslsf.com\/wp-content\/uploads\/2022\/12\/image00023.png","inLanguage":"es"},{"@type":"WebPage","@id":"https:\/\/www.gimnasiosantorey.edu.co\/gsr\/2026\/01\/26\/tc-complexao-da-republica-portuguesa-complexao-da-republica-portuguesa-explicacao-portuguesa\/","url":"https:\/\/www.gimnasiosantorey.edu.co\/gsr\/2026\/01\/26\/tc-complexao-da-republica-portuguesa-complexao-da-republica-portuguesa-explicacao-portuguesa\/","name":"TC, Complex\u00e3o da Rep\u00fablica Portuguesa, Complex\u00e3o da Rep\u00fablica Portuguesa, explica\u00e7\u00e3o portuguesa - Colegio Gimnasio Santo Rey","isPartOf":{"@id":"https:\/\/www.gimnasiosantorey.edu.co\/gsr\/#website"},"primaryImageOfPage":{"@id":"https:\/\/www.gimnasiosantorey.edu.co\/gsr\/2026\/01\/26\/tc-complexao-da-republica-portuguesa-complexao-da-republica-portuguesa-explicacao-portuguesa\/#primaryimage"},"image":{"@id":"https:\/\/www.gimnasiosantorey.edu.co\/gsr\/2026\/01\/26\/tc-complexao-da-republica-portuguesa-complexao-da-republica-portuguesa-explicacao-portuguesa\/#primaryimage"},"thumbnailUrl":"https:\/\/casaslsf.com\/wp-content\/uploads\/2022\/12\/image00023.png","datePublished":"2026-01-26T15:00:47+00:00","dateModified":"2026-01-27T15:00:51+00:00","breadcrumb":{"@id":"https:\/\/www.gimnasiosantorey.edu.co\/gsr\/2026\/01\/26\/tc-complexao-da-republica-portuguesa-complexao-da-republica-portuguesa-explicacao-portuguesa\/#breadcrumb"},"inLanguage":"es","potentialAction":[{"@type":"ReadAction","target":["https:\/\/www.gimnasiosantorey.edu.co\/gsr\/2026\/01\/26\/tc-complexao-da-republica-portuguesa-complexao-da-republica-portuguesa-explicacao-portuguesa\/"]}]},{"@type":"ImageObject","inLanguage":"es","@id":"https:\/\/www.gimnasiosantorey.edu.co\/gsr\/2026\/01\/26\/tc-complexao-da-republica-portuguesa-complexao-da-republica-portuguesa-explicacao-portuguesa\/#primaryimage","url":"https:\/\/casaslsf.com\/wp-content\/uploads\/2022\/12\/image00023.png","contentUrl":"https:\/\/casaslsf.com\/wp-content\/uploads\/2022\/12\/image00023.png"},{"@type":"BreadcrumbList","@id":"https:\/\/www.gimnasiosantorey.edu.co\/gsr\/2026\/01\/26\/tc-complexao-da-republica-portuguesa-complexao-da-republica-portuguesa-explicacao-portuguesa\/#breadcrumb","itemListElement":[{"@type":"ListItem","position":1,"name":"Portada","item":"https:\/\/www.gimnasiosantorey.edu.co\/gsr\/"},{"@type":"ListItem","position":2,"name":"TC, Complex\u00e3o da Rep\u00fablica Portuguesa, Complex\u00e3o da Rep\u00fablica Portuguesa, explica\u00e7\u00e3o portuguesa"}]},{"@type":"WebSite","@id":"https:\/\/www.gimnasiosantorey.edu.co\/gsr\/#website","url":"https:\/\/www.gimnasiosantorey.edu.co\/gsr\/","name":"Colegio Gimnasio Santo Rey","description":"Colegio Gimnasio Santo Rey","publisher":{"@id":"https:\/\/www.gimnasiosantorey.edu.co\/gsr\/#organization"},"potentialAction":[{"@type":"SearchAction","target":{"@type":"EntryPoint","urlTemplate":"https:\/\/www.gimnasiosantorey.edu.co\/gsr\/?s={search_term_string}"},"query-input":{"@type":"PropertyValueSpecification","valueRequired":true,"valueName":"search_term_string"}}],"inLanguage":"es"},{"@type":"Organization","@id":"https:\/\/www.gimnasiosantorey.edu.co\/gsr\/#organization","name":"Colegio Gimnasio Santo Rey","url":"https:\/\/www.gimnasiosantorey.edu.co\/gsr\/","logo":{"@type":"ImageObject","inLanguage":"es","@id":"https:\/\/www.gimnasiosantorey.edu.co\/gsr\/#\/schema\/logo\/image\/","url":"https:\/\/www.gimnasiosantorey.edu.co\/gsr\/wp-content\/uploads\/2022\/02\/SAnto-Rey.jpg","contentUrl":"https:\/\/www.gimnasiosantorey.edu.co\/gsr\/wp-content\/uploads\/2022\/02\/SAnto-Rey.jpg","width":225,"height":225,"caption":"Colegio Gimnasio Santo Rey"},"image":{"@id":"https:\/\/www.gimnasiosantorey.edu.co\/gsr\/#\/schema\/logo\/image\/"},"sameAs":["https:\/\/www.facebook.com\/colegiosantoreyarmenia\/?notif_id=1728497573741947&notif_t=page_user_activity&ref=notif"]},{"@type":"Person","@id":"https:\/\/www.gimnasiosantorey.edu.co\/gsr\/#\/schema\/person\/b4aaf8676ea9395ea4443d6b5878ea61","name":"adminsr","image":{"@type":"ImageObject","inLanguage":"es","@id":"https:\/\/www.gimnasiosantorey.edu.co\/gsr\/#\/schema\/person\/image\/","url":"https:\/\/secure.gravatar.com\/avatar\/ab05d1d23020dac1861d9f91ba53b422?s=96&d=mm&r=g","contentUrl":"https:\/\/secure.gravatar.com\/avatar\/ab05d1d23020dac1861d9f91ba53b422?s=96&d=mm&r=g","caption":"adminsr"},"url":"https:\/\/www.gimnasiosantorey.edu.co\/gsr\/author\/adminsr\/"}]}},"_links":{"self":[{"href":"https:\/\/www.gimnasiosantorey.edu.co\/gsr\/wp-json\/wp\/v2\/posts\/24347","targetHints":{"allow":["GET"]}}],"collection":[{"href":"https:\/\/www.gimnasiosantorey.edu.co\/gsr\/wp-json\/wp\/v2\/posts"}],"about":[{"href":"https:\/\/www.gimnasiosantorey.edu.co\/gsr\/wp-json\/wp\/v2\/types\/post"}],"author":[{"embeddable":true,"href":"https:\/\/www.gimnasiosantorey.edu.co\/gsr\/wp-json\/wp\/v2\/users\/1"}],"replies":[{"embeddable":true,"href":"https:\/\/www.gimnasiosantorey.edu.co\/gsr\/wp-json\/wp\/v2\/comments?post=24347"}],"version-history":[{"count":1,"href":"https:\/\/www.gimnasiosantorey.edu.co\/gsr\/wp-json\/wp\/v2\/posts\/24347\/revisions"}],"predecessor-version":[{"id":24348,"href":"https:\/\/www.gimnasiosantorey.edu.co\/gsr\/wp-json\/wp\/v2\/posts\/24347\/revisions\/24348"}],"wp:attachment":[{"href":"https:\/\/www.gimnasiosantorey.edu.co\/gsr\/wp-json\/wp\/v2\/media?parent=24347"}],"wp:term":[{"taxonomy":"category","embeddable":true,"href":"https:\/\/www.gimnasiosantorey.edu.co\/gsr\/wp-json\/wp\/v2\/categories?post=24347"},{"taxonomy":"post_tag","embeddable":true,"href":"https:\/\/www.gimnasiosantorey.edu.co\/gsr\/wp-json\/wp\/v2\/tags?post=24347"}],"curies":[{"name":"wp","href":"https:\/\/api.w.org\/{rel}","templated":true}]}}